{"id":1057,"date":"2019-10-22T16:04:14","date_gmt":"2019-10-22T21:04:14","guid":{"rendered":"https:\/\/www1.inictel-uni.edu.pe\/?p=1057"},"modified":"2019-10-22T16:04:14","modified_gmt":"2019-10-22T21:04:14","slug":"la-xiv-semana-tecnologica-del-inictel-uni-inicia-con-mucha-expectativa-del-publico","status":"publish","type":"post","link":"https:\/\/www.inictel-uni.edu.pe\/inictel\/la-xiv-semana-tecnologica-del-inictel-uni-inicia-con-mucha-expectativa-del-publico\/","title":{"rendered":"LA XIV SEMANA TECNOL\u00d3GICA DEL INICTEL-UNI INICIA CON MUCHA EXPECTATIVA DEL P\u00daBLICO"},"content":{"rendered":"<p>Las exposiciones que tomar\u00e1n lugar en el auditorio de nuestra instituci\u00f3n girar\u00e1n en torno a ejes centrales como: Ciberseguridad, inteligencia artificial e internet de las cosas. Adem\u00e1s, estar\u00e1n orientadas a presentar soluciones tecnol\u00f3gicas dentro de un marco cient\u00edfico y empresarial; cualidades que hoy en d\u00eda vuelven m\u00e1s competitivo y apto a un investigador o profesional dentro de una organizaci\u00f3n p\u00fablica o privada.<\/p>\n<p>En este primer d\u00eda se presentar\u00e1n temas relacionados a Ciberseguridad, que busca la protecci\u00f3n de la informaci\u00f3n digital que fluye en los sistemas interconectados. Presentaremos los temas: \u201cImportancia y perspectivas de Ciberseguridad\u201d, con el Ing. Eduardo Rodr\u00edguez \u00c1vila (INICTEL \u2013 UNI), \u201cEstrat\u00e9gicas de Ciberseguridad en LAyC\u201d, con la Economista Martina Marangunich Rachumi (INTECPRO). La Ing. Mar\u00eda Ang\u00e9lica del Castillo R\u00edos (Ministerio de Relaciones Exteriores), \u201cEcosistema de Ciberseguridad\u201d ser\u00e1 expuesto por Maurice Frayssinet, Experto en Ciberseguridad, y el. Valerii Sobolenko (NETSCOUT SYSTEMS) expondr\u00e1 su tema \u201cVisibilidad Sin Fronteras\u201d.<\/p>\n<p>Los esperamos los d\u00edas 22, 23 y 24 de octubre de 18:30 a 22:00 horas en el auditorio de nuestra instituci\u00f3n ubicada en la Av. San Luis 1771, San Borja. Pueden inscribirse y revisar la agenda de este evento gratuito aqu\u00ed: <a href=\"http:\/\/bit.ly\/Semana_Tec\">http:\/\/bit.ly\/Semana_Tec<\/a><\/p>\n","protected":false},"excerpt":{"rendered":"<p>Las exposiciones que tomar\u00e1n lugar en el auditorio de nuestra instituci\u00f3n girar\u00e1n en torno a ejes centrales como: Ciberseguridad, inteligencia artificial e internet de las cosas. Adem\u00e1s, estar\u00e1n orientadas a presentar soluciones tecnol\u00f3gicas dentro de un marco cient\u00edfico y empresarial; cualidades que hoy en d\u00eda vuelven m\u00e1s competitivo y apto a un investigador o profesional [&hellip;]<\/p>\n","protected":false},"author":2,"featured_media":0,"comment_status":"open","ping_status":"open","sticky":false,"template":"","format":"standard","meta":{"_acf_changed":false,"footnotes":""},"categories":[11],"tags":[],"class_list":["post-1057","post","type-post","status-publish","format-standard","hentry","category-noticias"],"acf":[],"_links":{"self":[{"href":"https:\/\/www.inictel-uni.edu.pe\/inictel\/wp-json\/wp\/v2\/posts\/1057","targetHints":{"allow":["GET"]}}],"collection":[{"href":"https:\/\/www.inictel-uni.edu.pe\/inictel\/wp-json\/wp\/v2\/posts"}],"about":[{"href":"https:\/\/www.inictel-uni.edu.pe\/inictel\/wp-json\/wp\/v2\/types\/post"}],"author":[{"embeddable":true,"href":"https:\/\/www.inictel-uni.edu.pe\/inictel\/wp-json\/wp\/v2\/users\/2"}],"replies":[{"embeddable":true,"href":"https:\/\/www.inictel-uni.edu.pe\/inictel\/wp-json\/wp\/v2\/comments?post=1057"}],"version-history":[{"count":0,"href":"https:\/\/www.inictel-uni.edu.pe\/inictel\/wp-json\/wp\/v2\/posts\/1057\/revisions"}],"wp:attachment":[{"href":"https:\/\/www.inictel-uni.edu.pe\/inictel\/wp-json\/wp\/v2\/media?parent=1057"}],"wp:term":[{"taxonomy":"category","embeddable":true,"href":"https:\/\/www.inictel-uni.edu.pe\/inictel\/wp-json\/wp\/v2\/categories?post=1057"},{"taxonomy":"post_tag","embeddable":true,"href":"https:\/\/www.inictel-uni.edu.pe\/inictel\/wp-json\/wp\/v2\/tags?post=1057"}],"curies":[{"name":"wp","href":"https:\/\/api.w.org\/{rel}","templated":true}]}}